{"id":81048,"date":"2023-05-08T08:18:44","date_gmt":"2023-05-08T08:18:44","guid":{"rendered":"https:\/\/www.poliedrica.cat\/?p=81048"},"modified":"2023-06-01T11:29:39","modified_gmt":"2023-06-01T11:29:39","slug":"estrategias-de-museologia-social-2023-programa","status":"publish","type":"post","link":"https:\/\/www.poliedrica.cat\/es\/estrategias-de-museologia-social-2023-programa\/","title":{"rendered":"Estrategias de Museolog\u00eda Social 2023 | Comunidad de aprendizaje virtual"},"content":{"rendered":"","protected":false},"excerpt":{"rendered":"","protected":false},"author":5,"featured_media":0,"comment_status":"closed","ping_status":"closed","sticky":false,"template":"","format":"standard","meta":{"_acf_changed":false,"footnotes":""},"categories":[53],"tags":[],"class_list":["post-81048","post","type-post","status-publish","format-standard","hentry","category-com-galicia-es"],"acf":[],"yoast_head":"<!-- This site is optimized with the Yoast SEO plugin v27.4 - https:\/\/yoast.com\/product\/yoast-seo-wordpress\/ -->\n<title>Estrategias de Museolog\u00eda Social 2023 | Comunidad de aprendizaje virtual<\/title>\n<meta name=\"description\" content=\"La Red Muse\u00edstica Provincial de Lugo (RMPL) abre por segundo a\u00f1o esta comunidad de aprendizaje virtual para compartir, esta vez a nivel iberoamericano, un proceso colectivo de reflexi\u00f3n y formaci\u00f3n sobre la relaci\u00f3n entre cultura, bienestar y sostenibilidad.\" \/>\n<meta name=\"robots\" content=\"index, follow, max-snippet:-1, max-image-preview:large, max-video-preview:-1\" \/>\n<link rel=\"canonical\" href=\"https:\/\/www.poliedrica.cat\/es\/estrategias-de-museologia-social-2023-programa\/\" \/>\n<meta property=\"og:locale\" content=\"es_ES\" \/>\n<meta property=\"og:type\" content=\"article\" \/>\n<meta property=\"og:title\" content=\"Estrategias de Museolog\u00eda Social 2023 | Comunidad de aprendizaje virtual\" \/>\n<meta property=\"og:description\" content=\"La Red Muse\u00edstica Provincial de Lugo (RMPL) abre por segundo a\u00f1o esta comunidad de aprendizaje virtual para compartir, esta vez a nivel iberoamericano, un proceso colectivo de reflexi\u00f3n y formaci\u00f3n sobre la relaci\u00f3n entre cultura, bienestar y sostenibilidad.\" \/>\n<meta property=\"og:url\" content=\"https:\/\/www.poliedrica.cat\/es\/estrategias-de-museologia-social-2023-programa\/\" \/>\n<meta property=\"og:site_name\" content=\"Poli\u00e8drica\" \/>\n<meta property=\"article:publisher\" content=\"https:\/\/www.facebook.com\/poliedrica.cat\" \/>\n<meta property=\"article:published_time\" content=\"2023-05-08T08:18:44+00:00\" \/>\n<meta property=\"article:modified_time\" content=\"2023-06-01T11:29:39+00:00\" \/>\n<meta property=\"og:image\" content=\"https:\/\/www.poliedrica.cat\/wp-content\/uploads\/2023\/05\/05-08_estrategias-museologia.jpg\" \/>\n\t<meta property=\"og:image:width\" content=\"2560\" \/>\n\t<meta property=\"og:image:height\" content=\"1716\" \/>\n\t<meta property=\"og:image:type\" content=\"image\/jpeg\" \/>\n<meta name=\"author\" content=\"Poli\u00e8drica Admin\" \/>\n<meta name=\"twitter:card\" content=\"summary_large_image\" \/>\n<meta name=\"twitter:description\" content=\"La Red Muse\u00edstica Provincial de Lugo (RMPL) abre por segundo a\u00f1o esta comunidad de aprendizaje virtual para compartir, esta vez a nivel iberoamericano, un proceso colectivo de reflexi\u00f3n y formaci\u00f3n sobre la relaci\u00f3n entre cultura, bienestar y sostenibilidad.\" \/>\n<meta name=\"twitter:image\" content=\"https:\/\/www.poliedrica.cat\/wp-content\/uploads\/2023\/05\/05-08_estrategias-museologia.jpg\" \/>\n<meta name=\"twitter:creator\" content=\"@poliedrica_\" \/>\n<meta name=\"twitter:site\" content=\"@poliedrica_\" \/>\n<meta name=\"twitter:label1\" content=\"Escrito por\" \/>\n\t<meta name=\"twitter:data1\" content=\"Poli\u00e8drica Admin\" \/>\n<script type=\"application\/ld+json\" class=\"yoast-schema-graph\">{\"@context\":\"https:\\\/\\\/schema.org\",\"@graph\":[{\"@type\":\"Article\",\"@id\":\"https:\\\/\\\/www.poliedrica.cat\\\/es\\\/estrategias-de-museologia-social-2023-programa\\\/#article\",\"isPartOf\":{\"@id\":\"https:\\\/\\\/www.poliedrica.cat\\\/es\\\/estrategias-de-museologia-social-2023-programa\\\/\"},\"author\":{\"name\":\"Poli\u00e8drica Admin\",\"@id\":\"https:\\\/\\\/www.poliedrica.cat\\\/es\\\/#\\\/schema\\\/person\\\/6a8343b29c7f6ccf1bd48a3f44f208f3\"},\"headline\":\"Estrategias de Museolog\u00eda Social 2023 | Comunidad de aprendizaje virtual\",\"datePublished\":\"2023-05-08T08:18:44+00:00\",\"dateModified\":\"2023-06-01T11:29:39+00:00\",\"mainEntityOfPage\":{\"@id\":\"https:\\\/\\\/www.poliedrica.cat\\\/es\\\/estrategias-de-museologia-social-2023-programa\\\/\"},\"wordCount\":9,\"articleSection\":[\"Galicia\"],\"inLanguage\":\"es\"},{\"@type\":\"WebPage\",\"@id\":\"https:\\\/\\\/www.poliedrica.cat\\\/es\\\/estrategias-de-museologia-social-2023-programa\\\/\",\"url\":\"https:\\\/\\\/www.poliedrica.cat\\\/es\\\/estrategias-de-museologia-social-2023-programa\\\/\",\"name\":\"Estrategias de Museolog\u00eda Social 2023 | Comunidad de aprendizaje virtual\",\"isPartOf\":{\"@id\":\"https:\\\/\\\/www.poliedrica.cat\\\/es\\\/#website\"},\"datePublished\":\"2023-05-08T08:18:44+00:00\",\"dateModified\":\"2023-06-01T11:29:39+00:00\",\"author\":{\"@id\":\"https:\\\/\\\/www.poliedrica.cat\\\/es\\\/#\\\/schema\\\/person\\\/6a8343b29c7f6ccf1bd48a3f44f208f3\"},\"description\":\"La Red Muse\u00edstica Provincial de Lugo (RMPL) abre por segundo a\u00f1o esta comunidad de aprendizaje virtual para compartir, esta vez a nivel iberoamericano, un proceso colectivo de reflexi\u00f3n y formaci\u00f3n sobre la relaci\u00f3n entre cultura, bienestar y sostenibilidad.\",\"breadcrumb\":{\"@id\":\"https:\\\/\\\/www.poliedrica.cat\\\/es\\\/estrategias-de-museologia-social-2023-programa\\\/#breadcrumb\"},\"inLanguage\":\"es\",\"potentialAction\":[{\"@type\":\"ReadAction\",\"target\":[\"https:\\\/\\\/www.poliedrica.cat\\\/es\\\/estrategias-de-museologia-social-2023-programa\\\/\"]}]},{\"@type\":\"BreadcrumbList\",\"@id\":\"https:\\\/\\\/www.poliedrica.cat\\\/es\\\/estrategias-de-museologia-social-2023-programa\\\/#breadcrumb\",\"itemListElement\":[{\"@type\":\"ListItem\",\"position\":1,\"name\":\"Portada\",\"item\":\"https:\\\/\\\/www.poliedrica.cat\\\/es\\\/\"},{\"@type\":\"ListItem\",\"position\":2,\"name\":\"Estrategias de Museolog\u00eda Social 2023 | Comunidad de aprendizaje virtual\"}]},{\"@type\":\"WebSite\",\"@id\":\"https:\\\/\\\/www.poliedrica.cat\\\/es\\\/#website\",\"url\":\"https:\\\/\\\/www.poliedrica.cat\\\/es\\\/\",\"name\":\"Poli\u00e8drica\",\"description\":\"Cultura i arts creades amb i des de la ciutadania\",\"potentialAction\":[{\"@type\":\"SearchAction\",\"target\":{\"@type\":\"EntryPoint\",\"urlTemplate\":\"https:\\\/\\\/www.poliedrica.cat\\\/es\\\/?s={search_term_string}\"},\"query-input\":{\"@type\":\"PropertyValueSpecification\",\"valueRequired\":true,\"valueName\":\"search_term_string\"}}],\"inLanguage\":\"es\"},{\"@type\":\"Person\",\"@id\":\"https:\\\/\\\/www.poliedrica.cat\\\/es\\\/#\\\/schema\\\/person\\\/6a8343b29c7f6ccf1bd48a3f44f208f3\",\"name\":\"Poli\u00e8drica Admin\",\"url\":\"https:\\\/\\\/www.poliedrica.cat\\\/es\\\/author\\\/poliedricaadministracio\\\/\"}]}<\/script>\n<!-- \/ Yoast SEO plugin. -->","yoast_head_json":{"title":"Estrategias de Museolog\u00eda Social 2023 | Comunidad de aprendizaje virtual","description":"La Red Muse\u00edstica Provincial de Lugo (RMPL) abre por segundo a\u00f1o esta comunidad de aprendizaje virtual para compartir, esta vez a nivel iberoamericano, un proceso colectivo de reflexi\u00f3n y formaci\u00f3n sobre la relaci\u00f3n entre cultura, bienestar y sostenibilidad.","robots":{"index":"index","follow":"follow","max-snippet":"max-snippet:-1","max-image-preview":"max-image-preview:large","max-video-preview":"max-video-preview:-1"},"canonical":"https:\/\/www.poliedrica.cat\/es\/estrategias-de-museologia-social-2023-programa\/","og_locale":"es_ES","og_type":"article","og_title":"Estrategias de Museolog\u00eda Social 2023 | Comunidad de aprendizaje virtual","og_description":"La Red Muse\u00edstica Provincial de Lugo (RMPL) abre por segundo a\u00f1o esta comunidad de aprendizaje virtual para compartir, esta vez a nivel iberoamericano, un proceso colectivo de reflexi\u00f3n y formaci\u00f3n sobre la relaci\u00f3n entre cultura, bienestar y sostenibilidad.","og_url":"https:\/\/www.poliedrica.cat\/es\/estrategias-de-museologia-social-2023-programa\/","og_site_name":"Poli\u00e8drica","article_publisher":"https:\/\/www.facebook.com\/poliedrica.cat","article_published_time":"2023-05-08T08:18:44+00:00","article_modified_time":"2023-06-01T11:29:39+00:00","og_image":[{"width":2560,"height":1716,"url":"https:\/\/www.poliedrica.cat\/wp-content\/uploads\/2023\/05\/05-08_estrategias-museologia.jpg","type":"image\/jpeg"}],"author":"Poli\u00e8drica Admin","twitter_card":"summary_large_image","twitter_description":"La Red Muse\u00edstica Provincial de Lugo (RMPL) abre por segundo a\u00f1o esta comunidad de aprendizaje virtual para compartir, esta vez a nivel iberoamericano, un proceso colectivo de reflexi\u00f3n y formaci\u00f3n sobre la relaci\u00f3n entre cultura, bienestar y sostenibilidad.","twitter_image":"https:\/\/www.poliedrica.cat\/wp-content\/uploads\/2023\/05\/05-08_estrategias-museologia.jpg","twitter_creator":"@poliedrica_","twitter_site":"@poliedrica_","twitter_misc":{"Escrito por":"Poli\u00e8drica Admin"},"schema":{"@context":"https:\/\/schema.org","@graph":[{"@type":"Article","@id":"https:\/\/www.poliedrica.cat\/es\/estrategias-de-museologia-social-2023-programa\/#article","isPartOf":{"@id":"https:\/\/www.poliedrica.cat\/es\/estrategias-de-museologia-social-2023-programa\/"},"author":{"name":"Poli\u00e8drica Admin","@id":"https:\/\/www.poliedrica.cat\/es\/#\/schema\/person\/6a8343b29c7f6ccf1bd48a3f44f208f3"},"headline":"Estrategias de Museolog\u00eda Social 2023 | Comunidad de aprendizaje virtual","datePublished":"2023-05-08T08:18:44+00:00","dateModified":"2023-06-01T11:29:39+00:00","mainEntityOfPage":{"@id":"https:\/\/www.poliedrica.cat\/es\/estrategias-de-museologia-social-2023-programa\/"},"wordCount":9,"articleSection":["Galicia"],"inLanguage":"es"},{"@type":"WebPage","@id":"https:\/\/www.poliedrica.cat\/es\/estrategias-de-museologia-social-2023-programa\/","url":"https:\/\/www.poliedrica.cat\/es\/estrategias-de-museologia-social-2023-programa\/","name":"Estrategias de Museolog\u00eda Social 2023 | Comunidad de aprendizaje virtual","isPartOf":{"@id":"https:\/\/www.poliedrica.cat\/es\/#website"},"datePublished":"2023-05-08T08:18:44+00:00","dateModified":"2023-06-01T11:29:39+00:00","author":{"@id":"https:\/\/www.poliedrica.cat\/es\/#\/schema\/person\/6a8343b29c7f6ccf1bd48a3f44f208f3"},"description":"La Red Muse\u00edstica Provincial de Lugo (RMPL) abre por segundo a\u00f1o esta comunidad de aprendizaje virtual para compartir, esta vez a nivel iberoamericano, un proceso colectivo de reflexi\u00f3n y formaci\u00f3n sobre la relaci\u00f3n entre cultura, bienestar y sostenibilidad.","breadcrumb":{"@id":"https:\/\/www.poliedrica.cat\/es\/estrategias-de-museologia-social-2023-programa\/#breadcrumb"},"inLanguage":"es","potentialAction":[{"@type":"ReadAction","target":["https:\/\/www.poliedrica.cat\/es\/estrategias-de-museologia-social-2023-programa\/"]}]},{"@type":"BreadcrumbList","@id":"https:\/\/www.poliedrica.cat\/es\/estrategias-de-museologia-social-2023-programa\/#breadcrumb","itemListElement":[{"@type":"ListItem","position":1,"name":"Portada","item":"https:\/\/www.poliedrica.cat\/es\/"},{"@type":"ListItem","position":2,"name":"Estrategias de Museolog\u00eda Social 2023 | Comunidad de aprendizaje virtual"}]},{"@type":"WebSite","@id":"https:\/\/www.poliedrica.cat\/es\/#website","url":"https:\/\/www.poliedrica.cat\/es\/","name":"Poli\u00e8drica","description":"Cultura i arts creades amb i des de la ciutadania","potentialAction":[{"@type":"SearchAction","target":{"@type":"EntryPoint","urlTemplate":"https:\/\/www.poliedrica.cat\/es\/?s={search_term_string}"},"query-input":{"@type":"PropertyValueSpecification","valueRequired":true,"valueName":"search_term_string"}}],"inLanguage":"es"},{"@type":"Person","@id":"https:\/\/www.poliedrica.cat\/es\/#\/schema\/person\/6a8343b29c7f6ccf1bd48a3f44f208f3","name":"Poli\u00e8drica Admin","url":"https:\/\/www.poliedrica.cat\/es\/author\/poliedricaadministracio\/"}]}},"_links":{"self":[{"href":"https:\/\/www.poliedrica.cat\/es\/wp-json\/wp\/v2\/posts\/81048","targetHints":{"allow":["GET"]}}],"collection":[{"href":"https:\/\/www.poliedrica.cat\/es\/wp-json\/wp\/v2\/posts"}],"about":[{"href":"https:\/\/www.poliedrica.cat\/es\/wp-json\/wp\/v2\/types\/post"}],"author":[{"embeddable":true,"href":"https:\/\/www.poliedrica.cat\/es\/wp-json\/wp\/v2\/users\/5"}],"replies":[{"embeddable":true,"href":"https:\/\/www.poliedrica.cat\/es\/wp-json\/wp\/v2\/comments?post=81048"}],"version-history":[{"count":0,"href":"https:\/\/www.poliedrica.cat\/es\/wp-json\/wp\/v2\/posts\/81048\/revisions"}],"wp:attachment":[{"href":"https:\/\/www.poliedrica.cat\/es\/wp-json\/wp\/v2\/media?parent=81048"}],"wp:term":[{"taxonomy":"category","embeddable":true,"href":"https:\/\/www.poliedrica.cat\/es\/wp-json\/wp\/v2\/categories?post=81048"},{"taxonomy":"post_tag","embeddable":true,"href":"https:\/\/www.poliedrica.cat\/es\/wp-json\/wp\/v2\/tags?post=81048"}],"curies":[{"name":"wp","href":"https:\/\/api.w.org\/{rel}","templated":true}]}}